{"id":440,"date":"2026-08-19T16:52:08","date_gmt":"2026-08-19T14:52:08","guid":{"rendered":"https:\/\/lcdmusique.fr\/?p=440"},"modified":"2026-08-19T16:52:09","modified_gmt":"2026-08-19T14:52:09","slug":"calendrier-associatif-2026-2027","status":"publish","type":"post","link":"https:\/\/lcdmusique.fr\/?p=440","title":{"rendered":"Calendrier associatif 2026\/2027"},"content":{"rendered":"\n<p class=\"wp-block-paragraph\">Veuillez trouver sur cette page le calendrier de l&rsquo;association pour la saison 2026\/2027 afin de savoir quels jours vous avez cours ou non.<br><br>Pour rappel, nous suivons les vacances scolaires de la zone C et travaillons certains jours f\u00e9ri\u00e9s. Les jours de cours restent sous la responsabilit\u00e9 du professeur qui peut changer ce calendrier selon ses disponibilit\u00e9s, veuillez donc vous r\u00e9f\u00e9rer \u00e0 lui en cas de doute. <br><br><\/p>\n\n\n\n<figure class=\"wp-block-image size-large\"><img data-recalc-dims=\"1\" loading=\"lazy\" decoding=\"async\" width=\"1024\" height=\"724\" src=\"https:\/\/i0.wp.com\/lcdmusique.fr\/wp-content\/uploads\/2026\/08\/calendrier-2026-2027_1-1024x724.png?resize=1024%2C724&#038;ssl=1\" alt=\"\" class=\"wp-image-441\" srcset=\"https:\/\/i0.wp.com\/lcdmusique.fr\/wp-content\/uploads\/2026\/08\/calendrier-2026-2027_1-scaled.png?resize=1024%2C724&amp;ssl=1 1024w, https:\/\/i0.wp.com\/lcdmusique.fr\/wp-content\/uploads\/2026\/08\/calendrier-2026-2027_1-scaled.png?resize=300%2C212&amp;ssl=1 300w, https:\/\/i0.wp.com\/lcdmusique.fr\/wp-content\/uploads\/2026\/08\/calendrier-2026-2027_1-scaled.png?resize=768%2C543&amp;ssl=1 768w, https:\/\/i0.wp.com\/lcdmusique.fr\/wp-content\/uploads\/2026\/08\/calendrier-2026-2027_1-scaled.png?resize=1536%2C1087&amp;ssl=1 1536w, https:\/\/i0.wp.com\/lcdmusique.fr\/wp-content\/uploads\/2026\/08\/calendrier-2026-2027_1-scaled.png?resize=2048%2C1449&amp;ssl=1 2048w, https:\/\/i0.wp.com\/lcdmusique.fr\/wp-content\/uploads\/2026\/08\/calendrier-2026-2027_1-scaled.png?w=2340 2340w\" sizes=\"auto, (max-width: 1024px) 100vw, 1024px\" \/><\/figure>\n","protected":false},"excerpt":{"rendered":"<p>Veuillez trouver sur cette page le calendrier de l&rsquo;association pour la saison 2026\/2027 afin de savoir quels jours vous avez cours ou non. Pour rappel, nous suivons les vacances scolaires de la zone C et travaillons certains jours f\u00e9ri\u00e9s. Les jours de cours restent sous la responsabilit\u00e9 du professeur qui peut changer ce calendrier selon [&hellip;]<\/p>\n","protected":false},"author":1,"featured_media":0,"comment_status":"open","ping_status":"open","sticky":false,"template":"","format":"standard","meta":{"_jetpack_newsletter_access":"","_jetpack_dont_email_post_to_subs":false,"_jetpack_newsletter_tier_id":0,"_jetpack_memberships_contains_paywalled_content":false,"_jetpack_feature_clip_id":0,"_jetpack_memberships_contains_paid_content":false,"footnotes":"","jetpack_post_was_ever_published":false},"categories":[1],"tags":[],"class_list":["post-440","post","type-post","status-publish","format-standard","hentry","category-non-classe"],"yoast_head":"<!-- This site is optimized with the Yoast SEO plugin v28.3 - https:\/\/yoast.com\/product\/yoast-seo-wordpress\/ -->\n<title>Calendrier associatif 2026\/2027 - LES CHEMINS DE LA MUSIQUE<\/title>\n<meta name=\"robots\" content=\"index, follow, max-snippet:-1, max-image-preview:large, max-video-preview:-1\" \/>\n<link rel=\"canonical\" href=\"https:\/\/lcdmusique.fr\/?p=440\" \/>\n<meta property=\"og:locale\" content=\"fr_FR\" \/>\n<meta property=\"og:type\" content=\"article\" \/>\n<meta property=\"og:title\" content=\"Calendrier associatif 2026\/2027 - LES CHEMINS DE LA MUSIQUE\" \/>\n<meta property=\"og:description\" content=\"Veuillez trouver sur cette page le calendrier de l&rsquo;association pour la saison 2026\/2027 afin de savoir quels jours vous avez cours ou non. Pour rappel, nous suivons les vacances scolaires de la zone C et travaillons certains jours f\u00e9ri\u00e9s. Les jours de cours restent sous la responsabilit\u00e9 du professeur qui peut changer ce calendrier selon [&hellip;]\" \/>\n<meta property=\"og:url\" content=\"https:\/\/lcdmusique.fr\/?p=440\" \/>\n<meta property=\"og:site_name\" content=\"LES CHEMINS DE LA MUSIQUE\" \/>\n<meta property=\"article:published_time\" content=\"2026-08-19T14:52:08+00:00\" \/>\n<meta property=\"article:modified_time\" content=\"2026-08-19T14:52:09+00:00\" \/>\n<meta property=\"og:image\" content=\"https:\/\/lcdmusique.fr\/wp-content\/uploads\/2026\/08\/calendrier-2026-2027_1-1024x724.png\" \/>\n<meta name=\"author\" content=\"David\" \/>\n<meta name=\"twitter:card\" content=\"summary_large_image\" \/>\n<meta name=\"twitter:label1\" content=\"\u00c9crit par\" \/>\n\t<meta name=\"twitter:data1\" content=\"David\" \/>\n\t<meta name=\"twitter:label2\" content=\"Dur\u00e9e de lecture estim\u00e9e\" \/>\n\t<meta name=\"twitter:data2\" content=\"1 minute\" \/>\n<script type=\"application\/ld+json\" class=\"yoast-schema-graph\">{\"@context\":\"https:\\\/\\\/schema.org\",\"@graph\":[{\"@type\":\"Article\",\"@id\":\"https:\\\/\\\/lcdmusique.fr\\\/?p=440#article\",\"isPartOf\":{\"@id\":\"https:\\\/\\\/lcdmusique.fr\\\/?p=440\"},\"author\":{\"name\":\"David\",\"@id\":\"https:\\\/\\\/lcdmusique.fr\\\/#\\\/schema\\\/person\\\/b314f325547168fed880d8701dd814ff\"},\"headline\":\"Calendrier associatif 2026\\\/2027\",\"datePublished\":\"2026-08-19T14:52:08+00:00\",\"dateModified\":\"2026-08-19T14:52:09+00:00\",\"mainEntityOfPage\":{\"@id\":\"https:\\\/\\\/lcdmusique.fr\\\/?p=440\"},\"wordCount\":73,\"commentCount\":0,\"publisher\":{\"@id\":\"https:\\\/\\\/lcdmusique.fr\\\/#organization\"},\"image\":{\"@id\":\"https:\\\/\\\/lcdmusique.fr\\\/?p=440#primaryimage\"},\"thumbnailUrl\":\"https:\\\/\\\/lcdmusique.fr\\\/wp-content\\\/uploads\\\/2026\\\/08\\\/calendrier-2026-2027_1-1024x724.png\",\"inLanguage\":\"fr-FR\",\"potentialAction\":[{\"@type\":\"CommentAction\",\"name\":\"Comment\",\"target\":[\"https:\\\/\\\/lcdmusique.fr\\\/?p=440#respond\"]}]},{\"@type\":\"WebPage\",\"@id\":\"https:\\\/\\\/lcdmusique.fr\\\/?p=440\",\"url\":\"https:\\\/\\\/lcdmusique.fr\\\/?p=440\",\"name\":\"Calendrier associatif 2026\\\/2027 - LES CHEMINS DE LA MUSIQUE\",\"isPartOf\":{\"@id\":\"https:\\\/\\\/lcdmusique.fr\\\/#website\"},\"primaryImageOfPage\":{\"@id\":\"https:\\\/\\\/lcdmusique.fr\\\/?p=440#primaryimage\"},\"image\":{\"@id\":\"https:\\\/\\\/lcdmusique.fr\\\/?p=440#primaryimage\"},\"thumbnailUrl\":\"https:\\\/\\\/lcdmusique.fr\\\/wp-content\\\/uploads\\\/2026\\\/08\\\/calendrier-2026-2027_1-1024x724.png\",\"datePublished\":\"2026-08-19T14:52:08+00:00\",\"dateModified\":\"2026-08-19T14:52:09+00:00\",\"breadcrumb\":{\"@id\":\"https:\\\/\\\/lcdmusique.fr\\\/?p=440#breadcrumb\"},\"inLanguage\":\"fr-FR\",\"potentialAction\":[{\"@type\":\"ReadAction\",\"target\":[\"https:\\\/\\\/lcdmusique.fr\\\/?p=440\"]}]},{\"@type\":\"ImageObject\",\"inLanguage\":\"fr-FR\",\"@id\":\"https:\\\/\\\/lcdmusique.fr\\\/?p=440#primaryimage\",\"url\":\"https:\\\/\\\/lcdmusique.fr\\\/wp-content\\\/uploads\\\/2026\\\/08\\\/calendrier-2026-2027_1-1024x724.png\",\"contentUrl\":\"https:\\\/\\\/lcdmusique.fr\\\/wp-content\\\/uploads\\\/2026\\\/08\\\/calendrier-2026-2027_1-1024x724.png\"},{\"@type\":\"BreadcrumbList\",\"@id\":\"https:\\\/\\\/lcdmusique.fr\\\/?p=440#breadcrumb\",\"itemListElement\":[{\"@type\":\"ListItem\",\"position\":1,\"name\":\"Accueil\",\"item\":\"https:\\\/\\\/lcdmusique.fr\\\/\"},{\"@type\":\"ListItem\",\"position\":2,\"name\":\"Calendrier associatif 2026\\\/2027\"}]},{\"@type\":\"WebSite\",\"@id\":\"https:\\\/\\\/lcdmusique.fr\\\/#website\",\"url\":\"https:\\\/\\\/lcdmusique.fr\\\/\",\"name\":\"LES CHEMINS DE LA MUSIQUE\",\"description\":\"\",\"publisher\":{\"@id\":\"https:\\\/\\\/lcdmusique.fr\\\/#organization\"},\"potentialAction\":[{\"@type\":\"SearchAction\",\"target\":{\"@type\":\"EntryPoint\",\"urlTemplate\":\"https:\\\/\\\/lcdmusique.fr\\\/?s={search_term_string}\"},\"query-input\":{\"@type\":\"PropertyValueSpecification\",\"valueRequired\":true,\"valueName\":\"search_term_string\"}}],\"inLanguage\":\"fr-FR\"},{\"@type\":\"Organization\",\"@id\":\"https:\\\/\\\/lcdmusique.fr\\\/#organization\",\"name\":\"Les chemins de la musique\",\"url\":\"https:\\\/\\\/lcdmusique.fr\\\/\",\"logo\":{\"@type\":\"ImageObject\",\"inLanguage\":\"fr-FR\",\"@id\":\"https:\\\/\\\/lcdmusique.fr\\\/#\\\/schema\\\/logo\\\/image\\\/\",\"url\":\"https:\\\/\\\/i0.wp.com\\\/lcdmusique.fr\\\/wp-content\\\/uploads\\\/2022\\\/06\\\/logo-1.jpg?fit=842%2C404&ssl=1\",\"contentUrl\":\"https:\\\/\\\/i0.wp.com\\\/lcdmusique.fr\\\/wp-content\\\/uploads\\\/2022\\\/06\\\/logo-1.jpg?fit=842%2C404&ssl=1\",\"width\":842,\"height\":404,\"caption\":\"Les chemins de la musique\"},\"image\":{\"@id\":\"https:\\\/\\\/lcdmusique.fr\\\/#\\\/schema\\\/logo\\\/image\\\/\"}},{\"@type\":\"Person\",\"@id\":\"https:\\\/\\\/lcdmusique.fr\\\/#\\\/schema\\\/person\\\/b314f325547168fed880d8701dd814ff\",\"name\":\"David\",\"image\":{\"@type\":\"ImageObject\",\"inLanguage\":\"fr-FR\",\"@id\":\"https:\\\/\\\/secure.gravatar.com\\\/avatar\\\/5752dfc04971f499674c4ee8286da87421aba1c9b86b6796043f055bbd1ca493?s=96&d=mm&r=g\",\"url\":\"https:\\\/\\\/secure.gravatar.com\\\/avatar\\\/5752dfc04971f499674c4ee8286da87421aba1c9b86b6796043f055bbd1ca493?s=96&d=mm&r=g\",\"contentUrl\":\"https:\\\/\\\/secure.gravatar.com\\\/avatar\\\/5752dfc04971f499674c4ee8286da87421aba1c9b86b6796043f055bbd1ca493?s=96&d=mm&r=g\",\"caption\":\"David\"},\"description\":\"Professeur de guitare\",\"sameAs\":[\"http:\\\/\\\/lcdmusique.fr\"],\"url\":\"https:\\\/\\\/lcdmusique.fr\\\/?author=1\"}]}<\/script>\n<!-- \/ Yoast SEO plugin. -->","yoast_head_json":{"title":"Calendrier associatif 2026\/2027 - LES CHEMINS DE LA MUSIQUE","robots":{"index":"index","follow":"follow","max-snippet":"max-snippet:-1","max-image-preview":"max-image-preview:large","max-video-preview":"max-video-preview:-1"},"canonical":"https:\/\/lcdmusique.fr\/?p=440","og_locale":"fr_FR","og_type":"article","og_title":"Calendrier associatif 2026\/2027 - LES CHEMINS DE LA MUSIQUE","og_description":"Veuillez trouver sur cette page le calendrier de l&rsquo;association pour la saison 2026\/2027 afin de savoir quels jours vous avez cours ou non. Pour rappel, nous suivons les vacances scolaires de la zone C et travaillons certains jours f\u00e9ri\u00e9s. Les jours de cours restent sous la responsabilit\u00e9 du professeur qui peut changer ce calendrier selon [&hellip;]","og_url":"https:\/\/lcdmusique.fr\/?p=440","og_site_name":"LES CHEMINS DE LA MUSIQUE","article_published_time":"2026-08-19T14:52:08+00:00","article_modified_time":"2026-08-19T14:52:09+00:00","og_image":[{"url":"https:\/\/lcdmusique.fr\/wp-content\/uploads\/2026\/08\/calendrier-2026-2027_1-1024x724.png","type":"","width":"","height":""}],"author":"David","twitter_card":"summary_large_image","twitter_misc":{"\u00c9crit par":"David","Dur\u00e9e de lecture estim\u00e9e":"1 minute"},"schema":{"@context":"https:\/\/schema.org","@graph":[{"@type":"Article","@id":"https:\/\/lcdmusique.fr\/?p=440#article","isPartOf":{"@id":"https:\/\/lcdmusique.fr\/?p=440"},"author":{"name":"David","@id":"https:\/\/lcdmusique.fr\/#\/schema\/person\/b314f325547168fed880d8701dd814ff"},"headline":"Calendrier associatif 2026\/2027","datePublished":"2026-08-19T14:52:08+00:00","dateModified":"2026-08-19T14:52:09+00:00","mainEntityOfPage":{"@id":"https:\/\/lcdmusique.fr\/?p=440"},"wordCount":73,"commentCount":0,"publisher":{"@id":"https:\/\/lcdmusique.fr\/#organization"},"image":{"@id":"https:\/\/lcdmusique.fr\/?p=440#primaryimage"},"thumbnailUrl":"https:\/\/lcdmusique.fr\/wp-content\/uploads\/2026\/08\/calendrier-2026-2027_1-1024x724.png","inLanguage":"fr-FR","potentialAction":[{"@type":"CommentAction","name":"Comment","target":["https:\/\/lcdmusique.fr\/?p=440#respond"]}]},{"@type":"WebPage","@id":"https:\/\/lcdmusique.fr\/?p=440","url":"https:\/\/lcdmusique.fr\/?p=440","name":"Calendrier associatif 2026\/2027 - LES CHEMINS DE LA MUSIQUE","isPartOf":{"@id":"https:\/\/lcdmusique.fr\/#website"},"primaryImageOfPage":{"@id":"https:\/\/lcdmusique.fr\/?p=440#primaryimage"},"image":{"@id":"https:\/\/lcdmusique.fr\/?p=440#primaryimage"},"thumbnailUrl":"https:\/\/lcdmusique.fr\/wp-content\/uploads\/2026\/08\/calendrier-2026-2027_1-1024x724.png","datePublished":"2026-08-19T14:52:08+00:00","dateModified":"2026-08-19T14:52:09+00:00","breadcrumb":{"@id":"https:\/\/lcdmusique.fr\/?p=440#breadcrumb"},"inLanguage":"fr-FR","potentialAction":[{"@type":"ReadAction","target":["https:\/\/lcdmusique.fr\/?p=440"]}]},{"@type":"ImageObject","inLanguage":"fr-FR","@id":"https:\/\/lcdmusique.fr\/?p=440#primaryimage","url":"https:\/\/lcdmusique.fr\/wp-content\/uploads\/2026\/08\/calendrier-2026-2027_1-1024x724.png","contentUrl":"https:\/\/lcdmusique.fr\/wp-content\/uploads\/2026\/08\/calendrier-2026-2027_1-1024x724.png"},{"@type":"BreadcrumbList","@id":"https:\/\/lcdmusique.fr\/?p=440#breadcrumb","itemListElement":[{"@type":"ListItem","position":1,"name":"Accueil","item":"https:\/\/lcdmusique.fr\/"},{"@type":"ListItem","position":2,"name":"Calendrier associatif 2026\/2027"}]},{"@type":"WebSite","@id":"https:\/\/lcdmusique.fr\/#website","url":"https:\/\/lcdmusique.fr\/","name":"LES CHEMINS DE LA MUSIQUE","description":"","publisher":{"@id":"https:\/\/lcdmusique.fr\/#organization"},"potentialAction":[{"@type":"SearchAction","target":{"@type":"EntryPoint","urlTemplate":"https:\/\/lcdmusique.fr\/?s={search_term_string}"},"query-input":{"@type":"PropertyValueSpecification","valueRequired":true,"valueName":"search_term_string"}}],"inLanguage":"fr-FR"},{"@type":"Organization","@id":"https:\/\/lcdmusique.fr\/#organization","name":"Les chemins de la musique","url":"https:\/\/lcdmusique.fr\/","logo":{"@type":"ImageObject","inLanguage":"fr-FR","@id":"https:\/\/lcdmusique.fr\/#\/schema\/logo\/image\/","url":"https:\/\/i0.wp.com\/lcdmusique.fr\/wp-content\/uploads\/2022\/06\/logo-1.jpg?fit=842%2C404&ssl=1","contentUrl":"https:\/\/i0.wp.com\/lcdmusique.fr\/wp-content\/uploads\/2022\/06\/logo-1.jpg?fit=842%2C404&ssl=1","width":842,"height":404,"caption":"Les chemins de la musique"},"image":{"@id":"https:\/\/lcdmusique.fr\/#\/schema\/logo\/image\/"}},{"@type":"Person","@id":"https:\/\/lcdmusique.fr\/#\/schema\/person\/b314f325547168fed880d8701dd814ff","name":"David","image":{"@type":"ImageObject","inLanguage":"fr-FR","@id":"https:\/\/secure.gravatar.com\/avatar\/5752dfc04971f499674c4ee8286da87421aba1c9b86b6796043f055bbd1ca493?s=96&d=mm&r=g","url":"https:\/\/secure.gravatar.com\/avatar\/5752dfc04971f499674c4ee8286da87421aba1c9b86b6796043f055bbd1ca493?s=96&d=mm&r=g","contentUrl":"https:\/\/secure.gravatar.com\/avatar\/5752dfc04971f499674c4ee8286da87421aba1c9b86b6796043f055bbd1ca493?s=96&d=mm&r=g","caption":"David"},"description":"Professeur de guitare","sameAs":["http:\/\/lcdmusique.fr"],"url":"https:\/\/lcdmusique.fr\/?author=1"}]}},"jetpack_sharing_enabled":true,"jetpack_featured_media_url":"","_links":{"self":[{"href":"https:\/\/lcdmusique.fr\/index.php?rest_route=\/wp\/v2\/posts\/440","targetHints":{"allow":["GET"]}}],"collection":[{"href":"https:\/\/lcdmusique.fr\/index.php?rest_route=\/wp\/v2\/posts"}],"about":[{"href":"https:\/\/lcdmusique.fr\/index.php?rest_route=\/wp\/v2\/types\/post"}],"author":[{"embeddable":true,"href":"https:\/\/lcdmusique.fr\/index.php?rest_route=\/wp\/v2\/users\/1"}],"replies":[{"embeddable":true,"href":"https:\/\/lcdmusique.fr\/index.php?rest_route=%2Fwp%2Fv2%2Fcomments&post=440"}],"version-history":[{"count":1,"href":"https:\/\/lcdmusique.fr\/index.php?rest_route=\/wp\/v2\/posts\/440\/revisions"}],"predecessor-version":[{"id":442,"href":"https:\/\/lcdmusique.fr\/index.php?rest_route=\/wp\/v2\/posts\/440\/revisions\/442"}],"wp:attachment":[{"href":"https:\/\/lcdmusique.fr\/index.php?rest_route=%2Fwp%2Fv2%2Fmedia&parent=440"}],"wp:term":[{"taxonomy":"category","embeddable":true,"href":"https:\/\/lcdmusique.fr\/index.php?rest_route=%2Fwp%2Fv2%2Fcategories&post=440"},{"taxonomy":"post_tag","embeddable":true,"href":"https:\/\/lcdmusique.fr\/index.php?rest_route=%2Fwp%2Fv2%2Ftags&post=440"}],"curies":[{"name":"wp","href":"https:\/\/api.w.org\/{rel}","templated":true}]}}