{"id":406,"date":"2025-09-02T04:06:39","date_gmt":"2025-09-02T02:06:39","guid":{"rendered":"https:\/\/lcdmusique.fr\/?p=406"},"modified":"2025-09-02T04:11:02","modified_gmt":"2025-09-02T02:11:02","slug":"forum-des-associations-2025","status":"publish","type":"post","link":"http:\/\/lcdmusique.fr\/?p=406","title":{"rendered":"Forum des associations 2025"},"content":{"rendered":"\n<p><\/p>\n\n\n\n<h2 class=\"wp-block-heading\">Date et renseignement pour le forum des associations saison 2025\/2026<\/h2>\n\n\n\n<p><\/p>\n\n\n\n<h3 class=\"wp-block-heading\">\u00c0 l&rsquo;image des premiers vols d&rsquo;oiseaux dessinant le ciel de septembre, nos enfants reprennent le chemin de l&rsquo;\u00e9cole comme d&rsquo;habitude et nos professeurs reprennent les chemins de la musique, pour votre plus grand plaisir !<\/h3>\n\n\n\n<p><\/p>\n\n\n\n<p>Quelle meilleure occasion pour se rencontrer que le forum des associations ? Nos professeurs seront ravis de vous y accueillir en cette rentr\u00e9e dans les villes suivantes :<\/p>\n\n\n\n<p><strong>Gambais : samedi 6 septembre 2025 de 9 \u00e0 14h<\/strong><br>Le foyer municipal &#8211; 59 rue ch\u00e2teau trompette<\/p>\n\n\n\n<p><strong>Orgerus : dimanche 7 septembre 2025 de 10 \u00e0 17h<\/strong><br>Salle polyvalente du pr\u00e9-romain<\/p>\n\n\n\n<p><strong>Raizeux : dimanche 7 septembre 2025 de 10 \u00e0 13h<\/strong><br>Salle polyvalente<\/p>\n\n\n\n<p><strong>Saint-L\u00e9ger-en-Yvelines : samedi 13 septembre 2025 de 14 \u00e0 18h<\/strong><br>Maison du village<\/p>\n\n\n\n<p>Et si vous ne pouvez pas vous y rendre, les inscriptions restent ouvertes sur notre site. Vous pouvez \u00e9galement nous contacter par t\u00e9l\u00e9phone, <a href=\"https:\/\/www.facebook.com\/profile.php?id=61579255649237\">Facebook<\/a> ou par mail \u00e0 <a href=\"mailto:contact@lcdmusique.fr\">contact@lcdmusique.fr<\/a>, r\u00e9ponse souriante garantie !<\/p>\n\n\n\n<p><a href=\"https:\/\/lcdmusique.fr\/?page_id=146\">Vous voulez un aper\u00e7u ? Venez rencontrer nos professeurs sur cette page !<\/a><\/p>\n\n\n\n<figure class=\"wp-block-image size-full\"><img data-recalc-dims=\"1\" loading=\"lazy\" decoding=\"async\" width=\"1000\" height=\"1000\" src=\"https:\/\/i0.wp.com\/lcdmusique.fr\/wp-content\/uploads\/2025\/09\/forum-1.png?resize=1000%2C1000&#038;ssl=1\" alt=\"\" class=\"wp-image-407\" srcset=\"https:\/\/i0.wp.com\/lcdmusique.fr\/wp-content\/uploads\/2025\/09\/forum-1.png?w=1000 1000w, https:\/\/i0.wp.com\/lcdmusique.fr\/wp-content\/uploads\/2025\/09\/forum-1.png?resize=300%2C300 300w, https:\/\/i0.wp.com\/lcdmusique.fr\/wp-content\/uploads\/2025\/09\/forum-1.png?resize=150%2C150 150w, https:\/\/i0.wp.com\/lcdmusique.fr\/wp-content\/uploads\/2025\/09\/forum-1.png?resize=768%2C768 768w\" sizes=\"auto, (max-width: 1000px) 100vw, 1000px\" \/><\/figure>\n\n\n\n<p><\/p>\n","protected":false},"excerpt":{"rendered":"<p>Date et renseignement pour le forum des associations saison 2025\/2026 \u00c0 l&rsquo;image des premiers vols d&rsquo;oiseaux dessinant le ciel de septembre, nos enfants reprennent le chemin de l&rsquo;\u00e9cole comme d&rsquo;habitude et nos professeurs reprennent les chemins de la musique, pour votre plus grand plaisir ! Quelle meilleure occasion pour se rencontrer que le forum des [&hellip;]<\/p>\n","protected":false},"author":1,"featured_media":0,"comment_status":"open","ping_status":"open","sticky":false,"template":"","format":"standard","meta":{"_jetpack_memberships_contains_paid_content":false,"footnotes":""},"categories":[1],"tags":[],"class_list":["post-406","post","type-post","status-publish","format-standard","hentry","category-non-classe"],"yoast_head":"<!-- This site is optimized with the Yoast SEO plugin v25.6 - https:\/\/yoast.com\/wordpress\/plugins\/seo\/ -->\n<title>Forum des associations 2025 - LES CHEMINS DE LA MUSIQUE<\/title>\n<meta name=\"description\" content=\"Renseignement \u00e0 propos des forums des associations saison 2025\/2026 pour s&#039;inscrire \u00e0 l&#039;association Les Chemins de la Musique\" \/>\n<meta name=\"robots\" content=\"index, follow, max-snippet:-1, max-image-preview:large, max-video-preview:-1\" \/>\n<link rel=\"canonical\" href=\"http:\/\/lcdmusique.fr\/?p=406\" \/>\n<meta property=\"og:locale\" content=\"fr_FR\" \/>\n<meta property=\"og:type\" content=\"article\" \/>\n<meta property=\"og:title\" content=\"Forum des associations 2025 - LES CHEMINS DE LA MUSIQUE\" \/>\n<meta property=\"og:description\" content=\"Renseignement \u00e0 propos des forums des associations saison 2025\/2026 pour s&#039;inscrire \u00e0 l&#039;association Les Chemins de la Musique\" \/>\n<meta property=\"og:url\" content=\"http:\/\/lcdmusique.fr\/?p=406\" \/>\n<meta property=\"og:site_name\" content=\"LES CHEMINS DE LA MUSIQUE\" \/>\n<meta property=\"article:published_time\" content=\"2025-09-02T02:06:39+00:00\" \/>\n<meta property=\"article:modified_time\" content=\"2025-09-02T02:11:02+00:00\" \/>\n<meta property=\"og:image\" content=\"https:\/\/lcdmusique.fr\/wp-content\/uploads\/2025\/09\/forum-1.png\" \/>\n<meta name=\"author\" content=\"David\" \/>\n<meta name=\"twitter:card\" content=\"summary_large_image\" \/>\n<meta name=\"twitter:label1\" content=\"\u00c9crit par\" \/>\n\t<meta name=\"twitter:data1\" content=\"David\" \/>\n\t<meta name=\"twitter:label2\" content=\"Dur\u00e9e de lecture estim\u00e9e\" \/>\n\t<meta name=\"twitter:data2\" content=\"2 minutes\" \/>\n<script type=\"application\/ld+json\" class=\"yoast-schema-graph\">{\"@context\":\"https:\/\/schema.org\",\"@graph\":[{\"@type\":\"Article\",\"@id\":\"http:\/\/lcdmusique.fr\/?p=406#article\",\"isPartOf\":{\"@id\":\"http:\/\/lcdmusique.fr\/?p=406\"},\"author\":{\"name\":\"David\",\"@id\":\"https:\/\/lcdmusique.fr\/#\/schema\/person\/b314f325547168fed880d8701dd814ff\"},\"headline\":\"Forum des associations 2025\",\"datePublished\":\"2025-09-02T02:06:39+00:00\",\"dateModified\":\"2025-09-02T02:11:02+00:00\",\"mainEntityOfPage\":{\"@id\":\"http:\/\/lcdmusique.fr\/?p=406\"},\"wordCount\":163,\"commentCount\":0,\"publisher\":{\"@id\":\"https:\/\/lcdmusique.fr\/#organization\"},\"image\":{\"@id\":\"http:\/\/lcdmusique.fr\/?p=406#primaryimage\"},\"thumbnailUrl\":\"https:\/\/lcdmusique.fr\/wp-content\/uploads\/2025\/09\/forum-1.png\",\"inLanguage\":\"fr-FR\",\"potentialAction\":[{\"@type\":\"CommentAction\",\"name\":\"Comment\",\"target\":[\"http:\/\/lcdmusique.fr\/?p=406#respond\"]}]},{\"@type\":\"WebPage\",\"@id\":\"http:\/\/lcdmusique.fr\/?p=406\",\"url\":\"http:\/\/lcdmusique.fr\/?p=406\",\"name\":\"Forum des associations 2025 - LES CHEMINS DE LA MUSIQUE\",\"isPartOf\":{\"@id\":\"https:\/\/lcdmusique.fr\/#website\"},\"primaryImageOfPage\":{\"@id\":\"http:\/\/lcdmusique.fr\/?p=406#primaryimage\"},\"image\":{\"@id\":\"http:\/\/lcdmusique.fr\/?p=406#primaryimage\"},\"thumbnailUrl\":\"https:\/\/lcdmusique.fr\/wp-content\/uploads\/2025\/09\/forum-1.png\",\"datePublished\":\"2025-09-02T02:06:39+00:00\",\"dateModified\":\"2025-09-02T02:11:02+00:00\",\"description\":\"Renseignement \u00e0 propos des forums des associations saison 2025\/2026 pour s'inscrire \u00e0 l'association Les Chemins de la Musique\",\"breadcrumb\":{\"@id\":\"http:\/\/lcdmusique.fr\/?p=406#breadcrumb\"},\"inLanguage\":\"fr-FR\",\"potentialAction\":[{\"@type\":\"ReadAction\",\"target\":[\"http:\/\/lcdmusique.fr\/?p=406\"]}]},{\"@type\":\"ImageObject\",\"inLanguage\":\"fr-FR\",\"@id\":\"http:\/\/lcdmusique.fr\/?p=406#primaryimage\",\"url\":\"https:\/\/lcdmusique.fr\/wp-content\/uploads\/2025\/09\/forum-1.png\",\"contentUrl\":\"https:\/\/lcdmusique.fr\/wp-content\/uploads\/2025\/09\/forum-1.png\"},{\"@type\":\"BreadcrumbList\",\"@id\":\"http:\/\/lcdmusique.fr\/?p=406#breadcrumb\",\"itemListElement\":[{\"@type\":\"ListItem\",\"position\":1,\"name\":\"Accueil\",\"item\":\"https:\/\/lcdmusique.fr\/\"},{\"@type\":\"ListItem\",\"position\":2,\"name\":\"Forum des associations 2025\"}]},{\"@type\":\"WebSite\",\"@id\":\"https:\/\/lcdmusique.fr\/#website\",\"url\":\"https:\/\/lcdmusique.fr\/\",\"name\":\"LES CHEMINS DE LA MUSIQUE\",\"description\":\"\",\"publisher\":{\"@id\":\"https:\/\/lcdmusique.fr\/#organization\"},\"potentialAction\":[{\"@type\":\"SearchAction\",\"target\":{\"@type\":\"EntryPoint\",\"urlTemplate\":\"https:\/\/lcdmusique.fr\/?s={search_term_string}\"},\"query-input\":{\"@type\":\"PropertyValueSpecification\",\"valueRequired\":true,\"valueName\":\"search_term_string\"}}],\"inLanguage\":\"fr-FR\"},{\"@type\":\"Organization\",\"@id\":\"https:\/\/lcdmusique.fr\/#organization\",\"name\":\"Les chemins de la musique\",\"url\":\"https:\/\/lcdmusique.fr\/\",\"logo\":{\"@type\":\"ImageObject\",\"inLanguage\":\"fr-FR\",\"@id\":\"https:\/\/lcdmusique.fr\/#\/schema\/logo\/image\/\",\"url\":\"https:\/\/i0.wp.com\/lcdmusique.fr\/wp-content\/uploads\/2022\/06\/logo-1.jpg?fit=842%2C404&ssl=1\",\"contentUrl\":\"https:\/\/i0.wp.com\/lcdmusique.fr\/wp-content\/uploads\/2022\/06\/logo-1.jpg?fit=842%2C404&ssl=1\",\"width\":842,\"height\":404,\"caption\":\"Les chemins de la musique\"},\"image\":{\"@id\":\"https:\/\/lcdmusique.fr\/#\/schema\/logo\/image\/\"}},{\"@type\":\"Person\",\"@id\":\"https:\/\/lcdmusique.fr\/#\/schema\/person\/b314f325547168fed880d8701dd814ff\",\"name\":\"David\",\"image\":{\"@type\":\"ImageObject\",\"inLanguage\":\"fr-FR\",\"@id\":\"https:\/\/lcdmusique.fr\/#\/schema\/person\/image\/\",\"url\":\"https:\/\/secure.gravatar.com\/avatar\/5752dfc04971f499674c4ee8286da87421aba1c9b86b6796043f055bbd1ca493?s=96&d=mm&r=g\",\"contentUrl\":\"https:\/\/secure.gravatar.com\/avatar\/5752dfc04971f499674c4ee8286da87421aba1c9b86b6796043f055bbd1ca493?s=96&d=mm&r=g\",\"caption\":\"David\"},\"description\":\"Professeur de guitare\",\"sameAs\":[\"http:\/\/lcdmusique.fr\"],\"url\":\"http:\/\/lcdmusique.fr\/?author=1\"}]}<\/script>\n<!-- \/ Yoast SEO plugin. -->","yoast_head_json":{"title":"Forum des associations 2025 - LES CHEMINS DE LA MUSIQUE","description":"Renseignement \u00e0 propos des forums des associations saison 2025\/2026 pour s'inscrire \u00e0 l'association Les Chemins de la Musique","robots":{"index":"index","follow":"follow","max-snippet":"max-snippet:-1","max-image-preview":"max-image-preview:large","max-video-preview":"max-video-preview:-1"},"canonical":"http:\/\/lcdmusique.fr\/?p=406","og_locale":"fr_FR","og_type":"article","og_title":"Forum des associations 2025 - LES CHEMINS DE LA MUSIQUE","og_description":"Renseignement \u00e0 propos des forums des associations saison 2025\/2026 pour s'inscrire \u00e0 l'association Les Chemins de la Musique","og_url":"http:\/\/lcdmusique.fr\/?p=406","og_site_name":"LES CHEMINS DE LA MUSIQUE","article_published_time":"2025-09-02T02:06:39+00:00","article_modified_time":"2025-09-02T02:11:02+00:00","og_image":[{"url":"https:\/\/lcdmusique.fr\/wp-content\/uploads\/2025\/09\/forum-1.png","type":"","width":"","height":""}],"author":"David","twitter_card":"summary_large_image","twitter_misc":{"\u00c9crit par":"David","Dur\u00e9e de lecture estim\u00e9e":"2 minutes"},"schema":{"@context":"https:\/\/schema.org","@graph":[{"@type":"Article","@id":"http:\/\/lcdmusique.fr\/?p=406#article","isPartOf":{"@id":"http:\/\/lcdmusique.fr\/?p=406"},"author":{"name":"David","@id":"https:\/\/lcdmusique.fr\/#\/schema\/person\/b314f325547168fed880d8701dd814ff"},"headline":"Forum des associations 2025","datePublished":"2025-09-02T02:06:39+00:00","dateModified":"2025-09-02T02:11:02+00:00","mainEntityOfPage":{"@id":"http:\/\/lcdmusique.fr\/?p=406"},"wordCount":163,"commentCount":0,"publisher":{"@id":"https:\/\/lcdmusique.fr\/#organization"},"image":{"@id":"http:\/\/lcdmusique.fr\/?p=406#primaryimage"},"thumbnailUrl":"https:\/\/lcdmusique.fr\/wp-content\/uploads\/2025\/09\/forum-1.png","inLanguage":"fr-FR","potentialAction":[{"@type":"CommentAction","name":"Comment","target":["http:\/\/lcdmusique.fr\/?p=406#respond"]}]},{"@type":"WebPage","@id":"http:\/\/lcdmusique.fr\/?p=406","url":"http:\/\/lcdmusique.fr\/?p=406","name":"Forum des associations 2025 - LES CHEMINS DE LA MUSIQUE","isPartOf":{"@id":"https:\/\/lcdmusique.fr\/#website"},"primaryImageOfPage":{"@id":"http:\/\/lcdmusique.fr\/?p=406#primaryimage"},"image":{"@id":"http:\/\/lcdmusique.fr\/?p=406#primaryimage"},"thumbnailUrl":"https:\/\/lcdmusique.fr\/wp-content\/uploads\/2025\/09\/forum-1.png","datePublished":"2025-09-02T02:06:39+00:00","dateModified":"2025-09-02T02:11:02+00:00","description":"Renseignement \u00e0 propos des forums des associations saison 2025\/2026 pour s'inscrire \u00e0 l'association Les Chemins de la Musique","breadcrumb":{"@id":"http:\/\/lcdmusique.fr\/?p=406#breadcrumb"},"inLanguage":"fr-FR","potentialAction":[{"@type":"ReadAction","target":["http:\/\/lcdmusique.fr\/?p=406"]}]},{"@type":"ImageObject","inLanguage":"fr-FR","@id":"http:\/\/lcdmusique.fr\/?p=406#primaryimage","url":"https:\/\/lcdmusique.fr\/wp-content\/uploads\/2025\/09\/forum-1.png","contentUrl":"https:\/\/lcdmusique.fr\/wp-content\/uploads\/2025\/09\/forum-1.png"},{"@type":"BreadcrumbList","@id":"http:\/\/lcdmusique.fr\/?p=406#breadcrumb","itemListElement":[{"@type":"ListItem","position":1,"name":"Accueil","item":"https:\/\/lcdmusique.fr\/"},{"@type":"ListItem","position":2,"name":"Forum des associations 2025"}]},{"@type":"WebSite","@id":"https:\/\/lcdmusique.fr\/#website","url":"https:\/\/lcdmusique.fr\/","name":"LES CHEMINS DE LA MUSIQUE","description":"","publisher":{"@id":"https:\/\/lcdmusique.fr\/#organization"},"potentialAction":[{"@type":"SearchAction","target":{"@type":"EntryPoint","urlTemplate":"https:\/\/lcdmusique.fr\/?s={search_term_string}"},"query-input":{"@type":"PropertyValueSpecification","valueRequired":true,"valueName":"search_term_string"}}],"inLanguage":"fr-FR"},{"@type":"Organization","@id":"https:\/\/lcdmusique.fr\/#organization","name":"Les chemins de la musique","url":"https:\/\/lcdmusique.fr\/","logo":{"@type":"ImageObject","inLanguage":"fr-FR","@id":"https:\/\/lcdmusique.fr\/#\/schema\/logo\/image\/","url":"https:\/\/i0.wp.com\/lcdmusique.fr\/wp-content\/uploads\/2022\/06\/logo-1.jpg?fit=842%2C404&ssl=1","contentUrl":"https:\/\/i0.wp.com\/lcdmusique.fr\/wp-content\/uploads\/2022\/06\/logo-1.jpg?fit=842%2C404&ssl=1","width":842,"height":404,"caption":"Les chemins de la musique"},"image":{"@id":"https:\/\/lcdmusique.fr\/#\/schema\/logo\/image\/"}},{"@type":"Person","@id":"https:\/\/lcdmusique.fr\/#\/schema\/person\/b314f325547168fed880d8701dd814ff","name":"David","image":{"@type":"ImageObject","inLanguage":"fr-FR","@id":"https:\/\/lcdmusique.fr\/#\/schema\/person\/image\/","url":"https:\/\/secure.gravatar.com\/avatar\/5752dfc04971f499674c4ee8286da87421aba1c9b86b6796043f055bbd1ca493?s=96&d=mm&r=g","contentUrl":"https:\/\/secure.gravatar.com\/avatar\/5752dfc04971f499674c4ee8286da87421aba1c9b86b6796043f055bbd1ca493?s=96&d=mm&r=g","caption":"David"},"description":"Professeur de guitare","sameAs":["http:\/\/lcdmusique.fr"],"url":"http:\/\/lcdmusique.fr\/?author=1"}]}},"jetpack_featured_media_url":"","jetpack_sharing_enabled":true,"_links":{"self":[{"href":"http:\/\/lcdmusique.fr\/index.php?rest_route=\/wp\/v2\/posts\/406","targetHints":{"allow":["GET"]}}],"collection":[{"href":"http:\/\/lcdmusique.fr\/index.php?rest_route=\/wp\/v2\/posts"}],"about":[{"href":"http:\/\/lcdmusique.fr\/index.php?rest_route=\/wp\/v2\/types\/post"}],"author":[{"embeddable":true,"href":"http:\/\/lcdmusique.fr\/index.php?rest_route=\/wp\/v2\/users\/1"}],"replies":[{"embeddable":true,"href":"http:\/\/lcdmusique.fr\/index.php?rest_route=%2Fwp%2Fv2%2Fcomments&post=406"}],"version-history":[{"count":4,"href":"http:\/\/lcdmusique.fr\/index.php?rest_route=\/wp\/v2\/posts\/406\/revisions"}],"predecessor-version":[{"id":412,"href":"http:\/\/lcdmusique.fr\/index.php?rest_route=\/wp\/v2\/posts\/406\/revisions\/412"}],"wp:attachment":[{"href":"http:\/\/lcdmusique.fr\/index.php?rest_route=%2Fwp%2Fv2%2Fmedia&parent=406"}],"wp:term":[{"taxonomy":"category","embeddable":true,"href":"http:\/\/lcdmusique.fr\/index.php?rest_route=%2Fwp%2Fv2%2Fcategories&post=406"},{"taxonomy":"post_tag","embeddable":true,"href":"http:\/\/lcdmusique.fr\/index.php?rest_route=%2Fwp%2Fv2%2Ftags&post=406"}],"curies":[{"name":"wp","href":"https:\/\/api.w.org\/{rel}","templated":true}]}}