{"id":102,"date":"2023-06-20T16:04:56","date_gmt":"2023-06-20T14:04:56","guid":{"rendered":"https:\/\/lcdmusique.fr\/?p=102"},"modified":"2023-09-04T15:40:49","modified_gmt":"2023-09-04T13:40:49","slug":"quel-age-pour-commencer-la-guitare","status":"publish","type":"post","link":"http:\/\/lcdmusique.fr\/?p=102","title":{"rendered":"A quel \u00e2ge commencer la guitare?"},"content":{"rendered":"\n<p>A quel \u00e2ge commencer la guitare? C&rsquo;est une question aussi compliqu\u00e9 que l&rsquo;\u0153uf ou la poule! On entend un peu partout des on-dit sur l&rsquo;apprentissage de la guitare. Comme quoi ce serait simple, accessible \u00e0 tous et surtout \u00e0 n&rsquo;importe quel \u00e2ge.<br><strong>C&rsquo;est aussi vrai que c&rsquo;est faux!<\/strong><\/p>\n\n\n\n<p>Aujourd&rsquo;hui, nous allons voir si votre enfant a le bon \u00e2ge pour commencer la guitare!<\/p>\n\n\n\n<p><\/p>\n\n\n\n<h2 class=\"wp-block-heading\"><strong>Il faut commencer avec une guitare classique?<\/strong><\/h2>\n\n\n\n<p class=\"has-text-align-left\"><br>C&rsquo;est un des poncifs les plus connu des aspirants musiciens. Il y a un fond de vrai mais rien de graver dans le marbre. La guitare classique est le meilleur choix pour les enfants de moins de 11 ans. <\/p>\n\n\n\n<p>Mais ce n&rsquo;est absolument pas une question de doigt \u00e0 mon avis, c&rsquo;est plut\u00f4t une question d&rsquo;attention. Quand on apprend la guitare, notre concentration est mise \u00e0 rude \u00e9preuve \u00e9preuve. Il y a les doigts de gauche et la position du pouce. Mais aussi les doigts de droite qui doivent gratter de mani\u00e8re synchroniser. Avec une guitare \u00e9lectrique, on y ajoute la gestion de tout un tas de boutons de volume. Sans compter un larsen punitif \u00e0 chaque fois qu&rsquo;on rel\u00e2che notre attention.<\/p>\n\n\n\n<p>Ce n&rsquo;est pas franchement l&rsquo;entr\u00e9e en mati\u00e8re la plus simple. Elle demandera beaucoup plus de concentration lors du cours qu&rsquo;une guitare acoustique.<\/p>\n\n\n\n<p>La guitare \u00e9lectrique n&rsquo;est donc pas proscrite. Ce n&rsquo;est juste pas la meilleure option pour la majorit\u00e9 des aspirants musicien de moins de 11 ans.<\/p>\n\n\n\n<p><\/p>\n\n\n\n<h2 class=\"wp-block-heading\">Pour jouer de la guitare, il n&rsquo;y a pas besoin du solf\u00e8ge<\/h2>\n\n\n\n<h2 class=\"wp-block-heading\">Pour jouer de la musique, le solf\u00e8ge n&rsquo;est pas obligatoire<\/h2>\n\n\n\n<p>Ces deux phrases bien que contradictoire sont les deux faces d&rsquo;une m\u00eame pi\u00e8ce. Si la premi\u00e8re est vraie d&rsquo;un certain point de vue, la seconde est fausse pour la guitare d&rsquo;une certaine fa\u00e7on.<\/p>\n\n\n\n<p>Pour jouer de la guitare, il est vrai que le solf\u00e8ge n&rsquo;est pas obligatoire <span style=\"text-decoration: underline;\">dans son int\u00e9gralit\u00e9<\/span>. Mais les bases rythmique du solf\u00e8ge sont incontournable pour apprendre \u00e0 jouer proprement. Sans cela l&rsquo;\u00e9l\u00e8ve ne sera pas capable de jouer un morceau de fa\u00e7on propre et compr\u00e9hensible. Un bon professeur saura int\u00e9grer le solf\u00e8ge petit \u00e0 petit dans ces cours afin d&rsquo;inculquer des bases qui seront bien utiles par la suite.<\/p>\n\n\n\n<p>N\u00e9anmoins, m\u00eame si en guitare, nous utilisons des tablatures qui substitue les traditionnelles port\u00e9e de votre enfance avec des chiffres. La tablature est indissociable du solf\u00e8ge rythmique! La tablature ne fait qu&rsquo;indiquer sur quelle corde et quelle case placer le doigt. Elle utilise la m\u00eame \u00e9criture en ce qui concerne le rythme et a donc besoin du solf\u00e8ge pour \u00eatre lue. Nous n&rsquo;utilisons donc que l&rsquo;aspect rythmique du solf\u00e8ge qui est le plus simple \u00e0 appr\u00e9hender au d\u00e9but.<\/p>\n\n\n\n<p><\/p>\n\n\n\n<h2 class=\"wp-block-heading\">Mais alors, \u00e0 quel \u00e2ge commencer la guitare?<\/h2>\n\n\n\n<p>Je n&rsquo;ai toujours pas r\u00e9pondu \u00e0 la question, volontairement. Les deux point \u00e9voqu\u00e9 plus haut sont n\u00e9cessaire pour bien comprendre pourquoi l&rsquo;\u00e2ge minimum pour commencer la guitare est <span style=\"text-decoration: underline;\">7 ans et m\u00eame 8 ans dans certains cas.<\/span><\/p>\n\n\n\n<p>Cela peut paraitre vieux mais apprendre la guitare, c&rsquo;est un vrai parcours initiatique qui d\u00e9bute pour votre enfant. Il va devoir apprendre \u00e0 lire, \u00e0 utiliser ces doigts, ces poignets, tenir l&rsquo;instrument. En plus de tout cela, il va devoir \u00e9duquer son oreille musicale pour se rendre compte de ces erreurs et les corriger en temps r\u00e9el. J&rsquo;exclu les enfants de 6 ans et moins car la lecture n&rsquo;est pas encore acquise. Ils ont d\u00e9j\u00e0 beaucoup de travail \u00e0 l&rsquo;\u00e9cole pour apprendre lire. 6 ans, c&rsquo;est \u00e9galement l&rsquo;\u00e2ge o\u00f9 ils apprennent \u00e0 \u00e9crire, leurs petites mains sont mise \u00e0 rude \u00e9preuve.<\/p>\n\n\n\n<p>Voici la radiographie d&rsquo;une main, \u00e0 diff\u00e9rents \u00e2ges:<\/p>\n\n\n\n<div class=\"wp-block-cover is-light\"><span aria-hidden=\"true\" class=\"wp-block-cover__background has-background-dim\"><\/span><img data-recalc-dims=\"1\" loading=\"lazy\" decoding=\"async\" width=\"1024\" height=\"385\" class=\"wp-block-cover__image-background wp-image-103\" alt=\"Radiographie de l'\u00e9volution de la main d'un enfant qui montre \u00e0 quel \u00e2ge commencer la guitare\" src=\"https:\/\/i0.wp.com\/lcdmusique.fr\/wp-content\/uploads\/2022\/06\/Radiographie-mains-1024x385-1.jpg?resize=1024%2C385\" style=\"object-position:77% 59%\" data-object-fit=\"cover\" data-object-position=\"77% 59%\" srcset=\"https:\/\/i0.wp.com\/lcdmusique.fr\/wp-content\/uploads\/2022\/06\/Radiographie-mains-1024x385-1.jpg?w=1024 1024w, https:\/\/i0.wp.com\/lcdmusique.fr\/wp-content\/uploads\/2022\/06\/Radiographie-mains-1024x385-1.jpg?resize=300%2C113 300w, https:\/\/i0.wp.com\/lcdmusique.fr\/wp-content\/uploads\/2022\/06\/Radiographie-mains-1024x385-1.jpg?resize=768%2C289 768w\" sizes=\"auto, (max-width: 1024px) 100vw, 1024px\" \/><div class=\"wp-block-cover__inner-container is-layout-flow wp-block-cover-is-layout-flow\">\n<p class=\"has-text-align-center has-large-font-size\"><\/p>\n<\/div><\/div>\n\n\n\n<p>M\u00eame si l&rsquo;apprentissage de la guitare ne sera pas dangereux d&rsquo;un point de vue structurel \u00e0 6 ans, il sera difficile car la main n&rsquo;a pas fini de se former. Il faudra utiliser beaucoup plus de force \u00e0 cet \u00e2ge l\u00e0 pour obtenir le m\u00eame r\u00e9sultat que quelques mois plus tard. Le cap qui permet \u00e0 la main de plus facilement appuyer sur les cordes se situe entre 7 et 8 ans.<\/p>\n\n\n\n<p>L&rsquo;apprentissage de la guitare trop t\u00f4t peut donc s&rsquo;av\u00e9rer frustrant pour un enfant qui n&rsquo;arrivera pas \u00e0 bien appuyer sur les cordes avec sa main gauche.<\/p>\n\n\n\n<p><\/p>\n\n\n\n<h2 class=\"wp-block-heading\">Une question de maturit\u00e9<\/h2>\n\n\n\n<p>Jouer de la musique, c&rsquo;est un plaisir. Personne ne remettra en cause cette affirmation&#8230;<\/p>\n\n\n\n<p>Apprendre la musique, c&rsquo;est du travail. Celle-ci est bien moins populaire! Un professeur peut rendre l&rsquo;apprentissage de la musique ludique mais au final, cela restera un travail d&rsquo;apprendre la musique. Il faudra travailler son instrument sous peine de stagner et d&rsquo;\u00eatre frustr\u00e9.<\/p>\n\n\n\n<p>Plus un \u00e9l\u00e8ve avance de son c\u00f4t\u00e9 \u00e0 la maison, plus il prend de plaisir pendant le cours! Il avance sans difficult\u00e9 gr\u00e2ce \u00e0 ce travail en amont. Au contraire un \u00e9l\u00e8ve qui ne touche jamais son instrument entre deux cours sera \u00e0 la peine. M\u00eame le professeur le plus ludique ne peux se substituer au travail \u00e0 la maison.<\/p>\n\n\n\n<p>Bien entendu, nous ne parlons pas de travailler deux heures par jour l&rsquo;instrument! Seulement de travailler le morceau entre deux cours. Au rythme de l&rsquo;\u00e9l\u00e8ve, selon son envie et sa fatigue apr\u00e8s sa journ\u00e9e d&rsquo;\u00e9cole. Mais il faut bien entendu prendre en consid\u00e9ration cet \u00e9l\u00e9ment au moment de commencer la musique.<\/p>\n\n\n\n<p><\/p>\n\n\n\n<h2 class=\"wp-block-heading\">7 ans: le bon \u00e2ge pour d\u00e9buter<\/h2>\n\n\n\n<p>Apr\u00e8s avoir ensemble d\u00e9construit quelques pr\u00e9jug\u00e9s, vous savez \u00e0 pr\u00e9sent pourquoi 7 ans est l&rsquo;\u00e2ge recommand\u00e9 pour commencer la guitare.<\/p>\n\n\n\n<p>Bien sur, tout ce qui s&rsquo;est dit ici est valable en g\u00e9n\u00e9ral. Des exceptions, il y en a et il y en aura encore beaucoup. Mais dans la majorit\u00e9 des cas, c&rsquo;est l&rsquo;\u00e2ge parfait, avant cela c&rsquo;est trop t\u00f4t.<\/p>\n\n\n\n<p><\/p>\n\n\n\n<p>Et bien entendu, le plus important pour commencer la guitare, le plus important, c&rsquo;est un bon professeur!<\/p>\n\n\n\n<p>Pour cela, Les Chemins de la Musique peut vous aider et plus pr\u00e9cis\u00e9ment votre serviteur qui a \u00e9crit cet article. <a href=\"https:\/\/lcdmusique.fr\/?page_id=82\">Alors inscrivez vous via notre formulaire pour avoir le cr\u00e9neau de votre choix!<\/a><br><br>Vous pouvez me contacter pour programmer votre premier cours au 0669966000, \u00e0 l&rsquo;adresse <a href=\"mailto:david@lcdmusique.fr\" target=\"_blank\" rel=\"noreferrer noopener\">david@lcdmusique.fr<\/a> ou via mon site internet <a href=\"http:\/\/fasilajouer.fr\" target=\"_blank\" rel=\"noreferrer noopener\">fasilajouer.fr<\/a><\/p>\n","protected":false},"excerpt":{"rendered":"<p>A quel \u00e2ge commencer la guitare? C&rsquo;est une question aussi compliqu\u00e9 que l&rsquo;\u0153uf ou la poule! On entend un peu partout des on-dit sur l&rsquo;apprentissage de la guitare. Comme quoi ce serait simple, accessible \u00e0 tous et surtout \u00e0 n&rsquo;importe quel \u00e2ge.C&rsquo;est aussi vrai que c&rsquo;est faux! Aujourd&rsquo;hui, nous allons voir si votre enfant a [&hellip;]<\/p>\n","protected":false},"author":1,"featured_media":0,"comment_status":"open","ping_status":"open","sticky":false,"template":"","format":"standard","meta":{"_jetpack_memberships_contains_paid_content":false,"footnotes":""},"categories":[1],"tags":[],"class_list":["post-102","post","type-post","status-publish","format-standard","hentry","category-non-classe"],"yoast_head":"<!-- This site is optimized with the Yoast SEO plugin v25.6 - https:\/\/yoast.com\/wordpress\/plugins\/seo\/ -->\n<title>A quel \u00e2ge commencer la guitare? - LES CHEMINS DE LA MUSIQUE<\/title>\n<meta name=\"description\" content=\"Apprenez quel \u00e2ge pour commencer la guitare est id\u00e9al afin de maximiser les chances de r\u00e9ussite de votre enfant .\" \/>\n<meta name=\"robots\" content=\"index, follow, max-snippet:-1, max-image-preview:large, max-video-preview:-1\" \/>\n<link rel=\"canonical\" href=\"http:\/\/lcdmusique.fr\/?p=102\" \/>\n<meta property=\"og:locale\" content=\"fr_FR\" \/>\n<meta property=\"og:type\" content=\"article\" \/>\n<meta property=\"og:title\" content=\"A quel \u00e2ge commencer la guitare? - LES CHEMINS DE LA MUSIQUE\" \/>\n<meta property=\"og:description\" content=\"Apprenez quel \u00e2ge pour commencer la guitare est id\u00e9al afin de maximiser les chances de r\u00e9ussite de votre enfant .\" \/>\n<meta property=\"og:url\" content=\"http:\/\/lcdmusique.fr\/?p=102\" \/>\n<meta property=\"og:site_name\" content=\"LES CHEMINS DE LA MUSIQUE\" \/>\n<meta property=\"article:published_time\" content=\"2023-06-20T14:04:56+00:00\" \/>\n<meta property=\"article:modified_time\" content=\"2023-09-04T13:40:49+00:00\" \/>\n<meta property=\"og:image\" content=\"http:\/\/lcdmusique.fr\/wp-content\/uploads\/2022\/06\/Radiographie-mains-1024x385-1.jpg\" \/>\n<meta name=\"author\" content=\"David\" \/>\n<meta name=\"twitter:card\" content=\"summary_large_image\" \/>\n<meta name=\"twitter:label1\" content=\"\u00c9crit par\" \/>\n\t<meta name=\"twitter:data1\" content=\"David\" \/>\n\t<meta name=\"twitter:label2\" content=\"Dur\u00e9e de lecture estim\u00e9e\" \/>\n\t<meta name=\"twitter:data2\" content=\"6 minutes\" \/>\n<script type=\"application\/ld+json\" class=\"yoast-schema-graph\">{\"@context\":\"https:\/\/schema.org\",\"@graph\":[{\"@type\":\"Article\",\"@id\":\"http:\/\/lcdmusique.fr\/?p=102#article\",\"isPartOf\":{\"@id\":\"http:\/\/lcdmusique.fr\/?p=102\"},\"author\":{\"name\":\"David\",\"@id\":\"https:\/\/lcdmusique.fr\/#\/schema\/person\/b314f325547168fed880d8701dd814ff\"},\"headline\":\"A quel \u00e2ge commencer la guitare?\",\"datePublished\":\"2023-06-20T14:04:56+00:00\",\"dateModified\":\"2023-09-04T13:40:49+00:00\",\"mainEntityOfPage\":{\"@id\":\"http:\/\/lcdmusique.fr\/?p=102\"},\"wordCount\":1093,\"commentCount\":0,\"publisher\":{\"@id\":\"https:\/\/lcdmusique.fr\/#organization\"},\"image\":{\"@id\":\"http:\/\/lcdmusique.fr\/?p=102#primaryimage\"},\"thumbnailUrl\":\"http:\/\/lcdmusique.fr\/wp-content\/uploads\/2022\/06\/Radiographie-mains-1024x385-1.jpg\",\"inLanguage\":\"fr-FR\",\"potentialAction\":[{\"@type\":\"CommentAction\",\"name\":\"Comment\",\"target\":[\"http:\/\/lcdmusique.fr\/?p=102#respond\"]}]},{\"@type\":\"WebPage\",\"@id\":\"http:\/\/lcdmusique.fr\/?p=102\",\"url\":\"http:\/\/lcdmusique.fr\/?p=102\",\"name\":\"A quel \u00e2ge commencer la guitare? - LES CHEMINS DE LA MUSIQUE\",\"isPartOf\":{\"@id\":\"https:\/\/lcdmusique.fr\/#website\"},\"primaryImageOfPage\":{\"@id\":\"http:\/\/lcdmusique.fr\/?p=102#primaryimage\"},\"image\":{\"@id\":\"http:\/\/lcdmusique.fr\/?p=102#primaryimage\"},\"thumbnailUrl\":\"http:\/\/lcdmusique.fr\/wp-content\/uploads\/2022\/06\/Radiographie-mains-1024x385-1.jpg\",\"datePublished\":\"2023-06-20T14:04:56+00:00\",\"dateModified\":\"2023-09-04T13:40:49+00:00\",\"description\":\"Apprenez quel \u00e2ge pour commencer la guitare est id\u00e9al afin de maximiser les chances de r\u00e9ussite de votre enfant .\",\"breadcrumb\":{\"@id\":\"http:\/\/lcdmusique.fr\/?p=102#breadcrumb\"},\"inLanguage\":\"fr-FR\",\"potentialAction\":[{\"@type\":\"ReadAction\",\"target\":[\"http:\/\/lcdmusique.fr\/?p=102\"]}]},{\"@type\":\"ImageObject\",\"inLanguage\":\"fr-FR\",\"@id\":\"http:\/\/lcdmusique.fr\/?p=102#primaryimage\",\"url\":\"https:\/\/i0.wp.com\/lcdmusique.fr\/wp-content\/uploads\/2022\/06\/Radiographie-mains-1024x385-1.jpg?fit=1024%2C385\",\"contentUrl\":\"https:\/\/i0.wp.com\/lcdmusique.fr\/wp-content\/uploads\/2022\/06\/Radiographie-mains-1024x385-1.jpg?fit=1024%2C385\",\"width\":1024,\"height\":385,\"caption\":\"Radio de la main d'un enfant\"},{\"@type\":\"BreadcrumbList\",\"@id\":\"http:\/\/lcdmusique.fr\/?p=102#breadcrumb\",\"itemListElement\":[{\"@type\":\"ListItem\",\"position\":1,\"name\":\"Accueil\",\"item\":\"https:\/\/lcdmusique.fr\/\"},{\"@type\":\"ListItem\",\"position\":2,\"name\":\"A quel \u00e2ge commencer la guitare?\"}]},{\"@type\":\"WebSite\",\"@id\":\"https:\/\/lcdmusique.fr\/#website\",\"url\":\"https:\/\/lcdmusique.fr\/\",\"name\":\"LES CHEMINS DE LA MUSIQUE\",\"description\":\"\",\"publisher\":{\"@id\":\"https:\/\/lcdmusique.fr\/#organization\"},\"potentialAction\":[{\"@type\":\"SearchAction\",\"target\":{\"@type\":\"EntryPoint\",\"urlTemplate\":\"https:\/\/lcdmusique.fr\/?s={search_term_string}\"},\"query-input\":{\"@type\":\"PropertyValueSpecification\",\"valueRequired\":true,\"valueName\":\"search_term_string\"}}],\"inLanguage\":\"fr-FR\"},{\"@type\":\"Organization\",\"@id\":\"https:\/\/lcdmusique.fr\/#organization\",\"name\":\"Les chemins de la musique\",\"url\":\"https:\/\/lcdmusique.fr\/\",\"logo\":{\"@type\":\"ImageObject\",\"inLanguage\":\"fr-FR\",\"@id\":\"https:\/\/lcdmusique.fr\/#\/schema\/logo\/image\/\",\"url\":\"https:\/\/i0.wp.com\/lcdmusique.fr\/wp-content\/uploads\/2022\/06\/logo-1.jpg?fit=842%2C404&ssl=1\",\"contentUrl\":\"https:\/\/i0.wp.com\/lcdmusique.fr\/wp-content\/uploads\/2022\/06\/logo-1.jpg?fit=842%2C404&ssl=1\",\"width\":842,\"height\":404,\"caption\":\"Les chemins de la musique\"},\"image\":{\"@id\":\"https:\/\/lcdmusique.fr\/#\/schema\/logo\/image\/\"}},{\"@type\":\"Person\",\"@id\":\"https:\/\/lcdmusique.fr\/#\/schema\/person\/b314f325547168fed880d8701dd814ff\",\"name\":\"David\",\"image\":{\"@type\":\"ImageObject\",\"inLanguage\":\"fr-FR\",\"@id\":\"https:\/\/lcdmusique.fr\/#\/schema\/person\/image\/\",\"url\":\"https:\/\/secure.gravatar.com\/avatar\/5752dfc04971f499674c4ee8286da87421aba1c9b86b6796043f055bbd1ca493?s=96&d=mm&r=g\",\"contentUrl\":\"https:\/\/secure.gravatar.com\/avatar\/5752dfc04971f499674c4ee8286da87421aba1c9b86b6796043f055bbd1ca493?s=96&d=mm&r=g\",\"caption\":\"David\"},\"description\":\"Professeur de guitare\",\"sameAs\":[\"http:\/\/lcdmusique.fr\"],\"url\":\"http:\/\/lcdmusique.fr\/?author=1\"}]}<\/script>\n<!-- \/ Yoast SEO plugin. -->","yoast_head_json":{"title":"A quel \u00e2ge commencer la guitare? - LES CHEMINS DE LA MUSIQUE","description":"Apprenez quel \u00e2ge pour commencer la guitare est id\u00e9al afin de maximiser les chances de r\u00e9ussite de votre enfant .","robots":{"index":"index","follow":"follow","max-snippet":"max-snippet:-1","max-image-preview":"max-image-preview:large","max-video-preview":"max-video-preview:-1"},"canonical":"http:\/\/lcdmusique.fr\/?p=102","og_locale":"fr_FR","og_type":"article","og_title":"A quel \u00e2ge commencer la guitare? - LES CHEMINS DE LA MUSIQUE","og_description":"Apprenez quel \u00e2ge pour commencer la guitare est id\u00e9al afin de maximiser les chances de r\u00e9ussite de votre enfant .","og_url":"http:\/\/lcdmusique.fr\/?p=102","og_site_name":"LES CHEMINS DE LA MUSIQUE","article_published_time":"2023-06-20T14:04:56+00:00","article_modified_time":"2023-09-04T13:40:49+00:00","og_image":[{"url":"http:\/\/lcdmusique.fr\/wp-content\/uploads\/2022\/06\/Radiographie-mains-1024x385-1.jpg","type":"","width":"","height":""}],"author":"David","twitter_card":"summary_large_image","twitter_misc":{"\u00c9crit par":"David","Dur\u00e9e de lecture estim\u00e9e":"6 minutes"},"schema":{"@context":"https:\/\/schema.org","@graph":[{"@type":"Article","@id":"http:\/\/lcdmusique.fr\/?p=102#article","isPartOf":{"@id":"http:\/\/lcdmusique.fr\/?p=102"},"author":{"name":"David","@id":"https:\/\/lcdmusique.fr\/#\/schema\/person\/b314f325547168fed880d8701dd814ff"},"headline":"A quel \u00e2ge commencer la guitare?","datePublished":"2023-06-20T14:04:56+00:00","dateModified":"2023-09-04T13:40:49+00:00","mainEntityOfPage":{"@id":"http:\/\/lcdmusique.fr\/?p=102"},"wordCount":1093,"commentCount":0,"publisher":{"@id":"https:\/\/lcdmusique.fr\/#organization"},"image":{"@id":"http:\/\/lcdmusique.fr\/?p=102#primaryimage"},"thumbnailUrl":"http:\/\/lcdmusique.fr\/wp-content\/uploads\/2022\/06\/Radiographie-mains-1024x385-1.jpg","inLanguage":"fr-FR","potentialAction":[{"@type":"CommentAction","name":"Comment","target":["http:\/\/lcdmusique.fr\/?p=102#respond"]}]},{"@type":"WebPage","@id":"http:\/\/lcdmusique.fr\/?p=102","url":"http:\/\/lcdmusique.fr\/?p=102","name":"A quel \u00e2ge commencer la guitare? - LES CHEMINS DE LA MUSIQUE","isPartOf":{"@id":"https:\/\/lcdmusique.fr\/#website"},"primaryImageOfPage":{"@id":"http:\/\/lcdmusique.fr\/?p=102#primaryimage"},"image":{"@id":"http:\/\/lcdmusique.fr\/?p=102#primaryimage"},"thumbnailUrl":"http:\/\/lcdmusique.fr\/wp-content\/uploads\/2022\/06\/Radiographie-mains-1024x385-1.jpg","datePublished":"2023-06-20T14:04:56+00:00","dateModified":"2023-09-04T13:40:49+00:00","description":"Apprenez quel \u00e2ge pour commencer la guitare est id\u00e9al afin de maximiser les chances de r\u00e9ussite de votre enfant .","breadcrumb":{"@id":"http:\/\/lcdmusique.fr\/?p=102#breadcrumb"},"inLanguage":"fr-FR","potentialAction":[{"@type":"ReadAction","target":["http:\/\/lcdmusique.fr\/?p=102"]}]},{"@type":"ImageObject","inLanguage":"fr-FR","@id":"http:\/\/lcdmusique.fr\/?p=102#primaryimage","url":"https:\/\/i0.wp.com\/lcdmusique.fr\/wp-content\/uploads\/2022\/06\/Radiographie-mains-1024x385-1.jpg?fit=1024%2C385","contentUrl":"https:\/\/i0.wp.com\/lcdmusique.fr\/wp-content\/uploads\/2022\/06\/Radiographie-mains-1024x385-1.jpg?fit=1024%2C385","width":1024,"height":385,"caption":"Radio de la main d'un enfant"},{"@type":"BreadcrumbList","@id":"http:\/\/lcdmusique.fr\/?p=102#breadcrumb","itemListElement":[{"@type":"ListItem","position":1,"name":"Accueil","item":"https:\/\/lcdmusique.fr\/"},{"@type":"ListItem","position":2,"name":"A quel \u00e2ge commencer la guitare?"}]},{"@type":"WebSite","@id":"https:\/\/lcdmusique.fr\/#website","url":"https:\/\/lcdmusique.fr\/","name":"LES CHEMINS DE LA MUSIQUE","description":"","publisher":{"@id":"https:\/\/lcdmusique.fr\/#organization"},"potentialAction":[{"@type":"SearchAction","target":{"@type":"EntryPoint","urlTemplate":"https:\/\/lcdmusique.fr\/?s={search_term_string}"},"query-input":{"@type":"PropertyValueSpecification","valueRequired":true,"valueName":"search_term_string"}}],"inLanguage":"fr-FR"},{"@type":"Organization","@id":"https:\/\/lcdmusique.fr\/#organization","name":"Les chemins de la musique","url":"https:\/\/lcdmusique.fr\/","logo":{"@type":"ImageObject","inLanguage":"fr-FR","@id":"https:\/\/lcdmusique.fr\/#\/schema\/logo\/image\/","url":"https:\/\/i0.wp.com\/lcdmusique.fr\/wp-content\/uploads\/2022\/06\/logo-1.jpg?fit=842%2C404&ssl=1","contentUrl":"https:\/\/i0.wp.com\/lcdmusique.fr\/wp-content\/uploads\/2022\/06\/logo-1.jpg?fit=842%2C404&ssl=1","width":842,"height":404,"caption":"Les chemins de la musique"},"image":{"@id":"https:\/\/lcdmusique.fr\/#\/schema\/logo\/image\/"}},{"@type":"Person","@id":"https:\/\/lcdmusique.fr\/#\/schema\/person\/b314f325547168fed880d8701dd814ff","name":"David","image":{"@type":"ImageObject","inLanguage":"fr-FR","@id":"https:\/\/lcdmusique.fr\/#\/schema\/person\/image\/","url":"https:\/\/secure.gravatar.com\/avatar\/5752dfc04971f499674c4ee8286da87421aba1c9b86b6796043f055bbd1ca493?s=96&d=mm&r=g","contentUrl":"https:\/\/secure.gravatar.com\/avatar\/5752dfc04971f499674c4ee8286da87421aba1c9b86b6796043f055bbd1ca493?s=96&d=mm&r=g","caption":"David"},"description":"Professeur de guitare","sameAs":["http:\/\/lcdmusique.fr"],"url":"http:\/\/lcdmusique.fr\/?author=1"}]}},"jetpack_featured_media_url":"","jetpack_sharing_enabled":true,"_links":{"self":[{"href":"http:\/\/lcdmusique.fr\/index.php?rest_route=\/wp\/v2\/posts\/102","targetHints":{"allow":["GET"]}}],"collection":[{"href":"http:\/\/lcdmusique.fr\/index.php?rest_route=\/wp\/v2\/posts"}],"about":[{"href":"http:\/\/lcdmusique.fr\/index.php?rest_route=\/wp\/v2\/types\/post"}],"author":[{"embeddable":true,"href":"http:\/\/lcdmusique.fr\/index.php?rest_route=\/wp\/v2\/users\/1"}],"replies":[{"embeddable":true,"href":"http:\/\/lcdmusique.fr\/index.php?rest_route=%2Fwp%2Fv2%2Fcomments&post=102"}],"version-history":[{"count":5,"href":"http:\/\/lcdmusique.fr\/index.php?rest_route=\/wp\/v2\/posts\/102\/revisions"}],"predecessor-version":[{"id":214,"href":"http:\/\/lcdmusique.fr\/index.php?rest_route=\/wp\/v2\/posts\/102\/revisions\/214"}],"wp:attachment":[{"href":"http:\/\/lcdmusique.fr\/index.php?rest_route=%2Fwp%2Fv2%2Fmedia&parent=102"}],"wp:term":[{"taxonomy":"category","embeddable":true,"href":"http:\/\/lcdmusique.fr\/index.php?rest_route=%2Fwp%2Fv2%2Fcategories&post=102"},{"taxonomy":"post_tag","embeddable":true,"href":"http:\/\/lcdmusique.fr\/index.php?rest_route=%2Fwp%2Fv2%2Ftags&post=102"}],"curies":[{"name":"wp","href":"https:\/\/api.w.org\/{rel}","templated":true}]}}